{"id":187743,"date":"2026-04-27T14:25:17","date_gmt":"2026-04-27T12:25:17","guid":{"rendered":"https:\/\/factorialhr.com\/blog\/?p=187743"},"modified":"2026-04-27T14:25:17","modified_gmt":"2026-04-27T12:25:17","slug":"roznorodnosc-i-inkluzywnosc-w-miejscu-pracy-jak-budowac-kulture-organizacyjna-oparta-na-dei","status":"publish","type":"post","link":"https:\/\/factorial.pl\/blog\/roznorodnosc-i-inkluzywnosc-w-miejscu-pracy-jak-budowac-kulture-organizacyjna-oparta-na-dei\/","title":{"rendered":"R\u00f3\u017cnorodno\u015b\u0107 i inkluzywno\u015b\u0107 w miejscu pracy \u2013 jak budowa\u0107 kultur\u0119 organizacyjn\u0105 opart\u0105 na DEI"},"content":{"rendered":"<p><span style=\"font-weight: 400;\">W ci\u0105gu ostatnich kilku lat poj\u0119cia takie jak <\/span><b>r\u00f3\u017cnorodno\u015b\u0107 (<em>Diversity<\/em>), r\u00f3wno\u015b\u0107 (<em>Equity<\/em>) i w\u0142\u0105czanie (<em>Inclusion<\/em>)<\/b><span style=\"font-weight: 400;\"> \u2013 cz\u0119sto \u0142\u0105czone w akronim <\/span><i><span style=\"font-weight: 400;\">DEI<\/span><\/i><span style=\"font-weight: 400;\"> \u2013 sta\u0142y si\u0119 fundamentem nowoczesnych strategii HR w organizacjach dzia\u0142aj\u0105cych na konkurencyjnych rynkach. Ich rola wykracza daleko poza spo\u0142eczn\u0105 poprawno\u015b\u0107 \u2013 r\u00f3\u017cnorodne i inkluzywne \u015brodowisko pracy przynosi realne korzy\u015bci biznesowe, wp\u0142ywaj\u0105c na innowacyjno\u015b\u0107, zaanga\u017cowanie pracownik\u00f3w oraz pozytywny wizerunek pracodawcy.<\/span><\/p>\n<p><span style=\"font-weight: 400;\">W polskich firmach temat DEI zyskuje na znaczeniu wraz z rosn\u0105c\u0105 konkurencj\u0105 na rynku talent\u00f3w. Kandydaci, szczeg\u00f3lnie z pokole\u0144 millenials\u00f3w i Z, coraz cz\u0119\u015bciej analizuj\u0105 firmy tak\u017ce pod k\u0105tem polityk r\u00f3\u017cnorodno\u015bci i otwarto\u015bci na r\u00f3\u017cne grupy spo\u0142eczne.\u00a0<\/span><\/p>\n<h3><b>Spis tre\u015bci:<\/b><\/h3>\n<ul>\n<li style=\"font-weight: 400;\" aria-level=\"1\"><span style=\"font-weight: 400;\">Czym jest DEI i dlaczego ma znaczenie?<\/span><\/li>\n<li style=\"font-weight: 400;\" aria-level=\"1\"><span style=\"font-weight: 400;\">DEI w kontek\u015bcie prawa pracy w Polsce<\/span><\/li>\n<li style=\"font-weight: 400;\" aria-level=\"1\"><span style=\"font-weight: 400;\">Jak DEI wspiera kultur\u0119 organizacyjn\u0105 firmy<\/span><\/li>\n<li style=\"font-weight: 400;\" aria-level=\"1\"><span style=\"font-weight: 400;\">Praktyczne dzia\u0142ania DEI, kt\u00f3re mo\u017cesz wdro\u017cy\u0107 w swojej organizacji<\/span><\/li>\n<li style=\"font-weight: 400;\" aria-level=\"1\"><span style=\"font-weight: 400;\">DEI jako element strategii HR i przewagi konkurencyjnej<\/span><\/li>\n<li style=\"font-weight: 400;\" aria-level=\"1\"><span style=\"font-weight: 400;\">Podsumowanie<\/span><\/li>\n<\/ul>\n<h2><b>Czym jest DEI i dlaczego ma znaczenie?<\/b><\/h2>\n<p><span style=\"font-weight: 400;\">DEI w praktyce HR oznacza \u015bwiadome budowanie \u015brodowiska pracy opartego na r\u00f3\u017cnorodno\u015bci, r\u00f3wno\u015bci szans oraz aktywnym w\u0142\u0105czaniu wszystkich pracownik\u00f3w w \u017cycie organizacji.<\/span><\/p>\n<p><b><em>Diversity<\/em> (r\u00f3\u017cnorodno\u015b\u0107)<\/b><span style=\"font-weight: 400;\"> to szerokie spektrum cech i do\u015bwiadcze\u0144, jakie pracownicy wnosz\u0105 do organizacji \u2013 m.in. wiek, p\u0142e\u0107, pochodzenie etniczne, wykszta\u0142cenie, niepe\u0142nosprawno\u015bci, kultura czy orientacja seksualna. <\/span><b><em>Equity<\/em> (r\u00f3wno\u015b\u0107)<\/b><span style=\"font-weight: 400;\"> oznacza sprawiedliwe traktowanie pracownik\u00f3w i r\u00f3wne szanse rozwoju, a <\/span><b><em>Inclusion<\/em> (w\u0142\u0105czanie)<\/b><span style=\"font-weight: 400;\"> to tworzenie \u015brodowiska, w kt\u00f3rym ka\u017cdy czuje si\u0119 szanowany, bezpieczny i zach\u0119cany do aktywnego udzia\u0142u w \u017cyciu firmy.\u00a0<\/span><\/p>\n<p><span style=\"font-weight: 400;\">Badania i raporty wskazuj\u0105, \u017ce organizacje efektywnie wdra\u017caj\u0105ce polityki DEI osi\u0105gaj\u0105 lepsze wyniki \u2013 zespo\u0142y r\u00f3\u017cnorodne s\u0105 bardziej innowacyjne, szybciej podejmuj\u0105 lepsze decyzje, a firmy z siln\u0105 kultur\u0105 inkluzywno\u015bci mog\u0105 liczy\u0107 na wy\u017csze zaanga\u017cowanie pracownik\u00f3w.\u00a0<\/span><\/p>\n<h2><b>DEI w kontek\u015bcie prawa pracy w Polsce<\/b><\/h2>\n<p><span style=\"font-weight: 400;\">W kontek\u015bcie polskiego rynku pracy tworzenie kultury opartej na DEI odbywa si\u0119 nie tylko w oparciu o dobre praktyki HR, ale tak\u017ce w ramach obowi\u0105zuj\u0105cych przepis\u00f3w prawa pracy. Zgodnie z Kodeksem pracy oraz krajowymi regulacjami:<\/span><\/p>\n<ul>\n<li style=\"font-weight: 400;\" aria-level=\"1\"><b>pracodawca ma obowi\u0105zek przeciwdzia\u0142a\u0107 dyskryminacji w zatrudnieniu<\/b><span style=\"font-weight: 400;\"> \u2013 zar\u00f3wno w procesie rekrutacji, jak i w trakcie trwania stosunku pracy;\u00a0<\/span><\/li>\n<li style=\"font-weight: 400;\" aria-level=\"1\"><b>zakaz dyskryminacji obejmuje wiele cech chronionych prawnie<\/b><span style=\"font-weight: 400;\">, takich jak wiek, p\u0142e\u0107, niepe\u0142nosprawno\u015b\u0107, narodowo\u015b\u0107, orientacja czy wyznanie \u2013 co jest fundamentem r\u00f3wnego traktowania;\u00a0<\/span><\/li>\n<li style=\"font-weight: 400;\" aria-level=\"1\"><span style=\"font-weight: 400;\">niedopuszczalne jest zar\u00f3wno <\/span><b>dyskryminowanie bezpo\u015brednie<\/b><span style=\"font-weight: 400;\">, jak i <\/span><b>po\u015brednie<\/b><span style=\"font-weight: 400;\">, np. poprzez stosowanie pozornie neutralnych kryteri\u00f3w, kt\u00f3re w praktyce wykluczaj\u0105 konkretne grupy kandydat\u00f3w lub pracownik\u00f3w;\u00a0<\/span><\/li>\n<li style=\"font-weight: 400;\" aria-level=\"1\"><span style=\"font-weight: 400;\">pracodawca musi r\u00f3wnie\u017c zapewni\u0107 zasady <\/span><b>r\u00f3wnego dost\u0119pu do szkole\u0144, awans\u00f3w i wynagrodzenia<\/b><span style=\"font-weight: 400;\">, a naruszenie tych zasad mo\u017ce skutkowa\u0107 roszczeniami pracowniczymi.\u00a0<\/span><\/li>\n<\/ul>\n<p><span style=\"font-weight: 400;\">Dlatego dzia\u0142ania DEI w polskich firmach powinny by\u0107 zgodne nie tylko z warto\u015bciami organizacji, ale tak\u017ce ze standardami prawnymi obowi\u0105zuj\u0105cymi na rynku pracy.<\/span><\/p>\n<h2><b>Jak DEI wspiera kultur\u0119 organizacyjn\u0105 firmy<\/b><\/h2>\n<p><span style=\"font-weight: 400;\">Kultura organizacyjna to zestaw warto\u015bci, przekona\u0144 i praktyk, kt\u00f3re okre\u015blaj\u0105, jak ludzie wsp\u00f3\u0142pracuj\u0105 i jak firma funkcjonuje w codziennych dzia\u0142aniach. Budowanie kultury opartej na DEI wymaga konsekwentnych dzia\u0142a\u0144 na wielu poziomach organizacji \u2013 od strategii HR po codzienn\u0105 komunikacj\u0119 kierownictwa.<\/span><\/p>\n<h3><b>\u015awiadomo\u015b\u0107 i edukacja pracownik\u00f3w<\/b><\/h3>\n<p><span style=\"font-weight: 400;\">Podstaw\u0105 skutecznej kultury DEI jest \u015bwiadomo\u015b\u0107 zespo\u0142u \u2013 zrozumienie, czym jest kultura DEI, jakie korzy\u015bci przynosi oraz sk\u0105d mog\u0105 wynika\u0107 uprzedzenia lub bariery. Szkolenia z zakresu zarz\u0105dzania r\u00f3\u017cnorodno\u015bci\u0105, przeciwdzia\u0142ania stereotypom i wzmacniania komunikacji mi\u0119dzykulturowej s\u0105 pierwszym krokiem w tym kierunku.\u00a0<\/span><\/p>\n<h3><b>Rola HR jako strategicznego partnera<\/b><\/h3>\n<p><span style=\"font-weight: 400;\">HR jest kluczowym graczem w tworzeniu polityk i proces\u00f3w wspieraj\u0105cych DEI. Dzia\u0142y personalne:<\/span><\/p>\n<ul>\n<li style=\"font-weight: 400;\" aria-level=\"1\"><span style=\"font-weight: 400;\">projektuj\u0105 neutralne procesy rekrutacyjne i dob\u00f3r kandydat\u00f3w, eliminuj\u0105c nieu\u015bwiadomione uprzedzenia;<\/span><\/li>\n<li style=\"font-weight: 400;\" aria-level=\"1\"><span style=\"font-weight: 400;\">monitoruj\u0105 dane dotycz\u0105ce zatrudnienia, awans\u00f3w i wynagrodze\u0144 w podziale na r\u00f3\u017cne grupy;<\/span><\/li>\n<li style=\"font-weight: 400;\" aria-level=\"1\"><span style=\"font-weight: 400;\">wprowadzaj\u0105 narz\u0119dzia wspieraj\u0105ce sprawiedliwy rozw\u00f3j talent\u00f3w.\u00a0<\/span><\/li>\n<\/ul>\n<p><span style=\"font-weight: 400;\">Technologie takie jak system HR w chmurze, analityka danych czy narz\u0119dzia do monitorowania przebiegu proces\u00f3w mog\u0105 wspomaga\u0107 te dzia\u0142ania, zapewniaj\u0105c HR pe\u0142niejszy obraz sytuacji w firmie.\u00a0<\/span><\/p>\n<h3><b>Zaanga\u017cowanie lider\u00f3w i kierownictwa<\/b><\/h3>\n<p><span style=\"font-weight: 400;\">Buduj\u0105c kultur\u0119 DEI, firma musi zapewni\u0107 wsparcie najwy\u017cszego kierownictwa. Liderzy powinni by\u0107 nie tylko \u015bwiadomi warto\u015bci r\u00f3\u017cnorodno\u015bci, ale te\u017c aktywnie je promowa\u0107 \u2013 poprzez swoje decyzje, komunikacj\u0119 i codzienne zachowania. Ich zaanga\u017cowanie jasno pokazuje, \u017ce kultura DEI stanowi strategiczny priorytet organizacji.<\/span><\/p>\n<h3><b>Otwarto\u015b\u0107 i dialog<\/b><\/h3>\n<p><span style=\"font-weight: 400;\">Inkluzywna organizacja to taka, w kt\u00f3rej pracownicy maj\u0105 przestrze\u0144 do wypowiedzi, dzielenia si\u0119 pomys\u0142ami i zg\u0142aszania trudno\u015bci. Regularne badania opinii, anonimowe ankiety czy warsztaty tematyczne umo\u017cliwiaj\u0105 HR identyfikacj\u0119 barier i usprawnienie proces\u00f3w \u2013 a to z kolei wp\u0142ywa na wi\u0119ksze zaanga\u017cowanie zespo\u0142u.<\/span><\/p>\n<h2><b>Praktyczne dzia\u0142ania DEI, kt\u00f3re mo\u017cesz wdro\u017cy\u0107 w swojej organizacji<\/b><\/h2>\n<p><span style=\"font-weight: 400;\">Budowa kultury r\u00f3\u017cnorodno\u015bci i inkluzywno\u015bci to proces, kt\u00f3ry wymaga planowania i konsekwentnej realizacji. Poni\u017cej przyk\u0142ady konkretnych dzia\u0142a\u0144:<\/span><\/p>\n<h3><b>\u2022 Neutralny j\u0119zyk i komunikacja<\/b><\/h3>\n<p><span style=\"font-weight: 400;\">Ju\u017c w og\u0142oszeniach rekrutacyjnych warto stosowa\u0107 j\u0119zyk neutralny i zach\u0119caj\u0105cy r\u00f3\u017cne grupy kandydat\u00f3w do aplikowania \u2013 to pierwszy sygna\u0142, \u017ce firma ceni r\u00f3\u017cnorodno\u015b\u0107. W komunikacji wewn\u0119trznej r\u00f3wnie\u017c wa\u017cne jest, aby unika\u0107 j\u0119zyka, kt\u00f3ry mo\u017ce nieumy\u015blnie wyklucza\u0107 pewne grupy pracownik\u00f3w.<\/span><\/p>\n<h3><b>\u2022 Elastyczne formy pracy<\/b><\/h3>\n<p><span style=\"font-weight: 400;\">Umo\u017cliwienie pracy zdalnej, hybrydowej lub elastycznych godzin mo\u017ce wspiera\u0107 r\u00f3\u017cnorodne grupy pracownik\u00f3w \u2013 np. osoby z opiek\u0105 nad dzie\u0107mi, osoby z niepe\u0142nosprawno\u015bci\u0105 czy osoby z innych region\u00f3w kraju.<\/span><\/p>\n<h3><b>\u2022 Grupy pracownicze i mentoring<\/b><\/h3>\n<p><span style=\"font-weight: 400;\">Tworzenie wewn\u0119trznych inicjatyw, jak grupy wsparcia DEI, mentoring czy coaching, pozwala budowa\u0107 poczucie wsp\u00f3lnoty i wzmacnia\u0107 rozw\u00f3j zawodowy os\u00f3b z r\u00f3\u017cnych \u015brodowisk.<\/span><\/p>\n<h3><b>\u2022 Systematyczna ocena i raportowanie<\/b><\/h3>\n<p><span style=\"font-weight: 400;\">Monitorowanie danych HR dotycz\u0105cych zatrudnienia, awans\u00f3w i rotacji w kontek\u015bcie r\u00f3\u017cnych grup demograficznych pozwala mierzy\u0107 post\u0119py i identyfikowa\u0107 obszary wymagaj\u0105ce poprawy.<\/span><\/p>\n<h2><b>DEI jako element strategii HR i przewagi konkurencyjnej<\/b><\/h2>\n<p><span style=\"font-weight: 400;\">R\u00f3\u017cnorodno\u015b\u0107 i inkluzywno\u015b\u0107 to nie tylko has\u0142a \u2013 to konkretne przewagi rynkowe. Organizacje, kt\u00f3re skutecznie przyci\u0105gaj\u0105 talenty z r\u00f3\u017cnych \u015brodowisk, mog\u0105:<\/span><\/p>\n<ul>\n<li style=\"font-weight: 400;\" aria-level=\"1\"><span style=\"font-weight: 400;\">szybciej adaptowa\u0107 si\u0119 do zmian rynkowych dzi\u0119ki r\u00f3\u017cnorodnym perspektywom;\u00a0<\/span><\/li>\n<li style=\"font-weight: 400;\" aria-level=\"1\"><span style=\"font-weight: 400;\">zwi\u0119ksza\u0107 zaanga\u017cowanie pracownik\u00f3w, co przek\u0142ada si\u0119 na efektywno\u015b\u0107 i retencj\u0119;\u00a0<\/span><\/li>\n<li style=\"font-weight: 400;\" aria-level=\"1\"><span style=\"font-weight: 400;\">poprawia\u0107 wizerunek pracodawcy jako otwartego i uczciwego;\u00a0<\/span><\/li>\n<li style=\"font-weight: 400;\" aria-level=\"1\"><span style=\"font-weight: 400;\">przeciwdzia\u0142a\u0107 ryzyku wyst\u0105pienia narusze\u0144 praw pracowniczych poprzez \u015bwiadome polityki antydyskryminacyjne.<\/span><\/li>\n<\/ul>\n<p><span style=\"font-weight: 400;\">W efekcie kultura DEI mo\u017ce sta\u0107 si\u0119 realnym elementem strategii biznesowej, kt\u00f3ry przyci\u0105ga klient\u00f3w, inwestor\u00f3w oraz utalentowanych pracownik\u00f3w \u2013 nie tylko w Polsce, ale tak\u017ce na rynkach mi\u0119dzynarodowych.<\/span><\/p>\n<h3><b>Podsumowanie<\/b><\/h3>\n<p><span style=\"font-weight: 400;\">Budowanie kultury organizacyjnej opartej na r\u00f3\u017cnorodno\u015bci i inkluzywno\u015bci wymaga \u015bwiadomego planowania, zaanga\u017cowania lider\u00f3w oraz konsekwentnych dzia\u0142a\u0144 HR. DEI nie jest tylko dobrym dodatkiem do polityk firmy \u2013 to fundament, kt\u00f3ry wp\u0142ywa na innowacyjno\u015b\u0107, wizerunek oraz efektywno\u015b\u0107 ca\u0142ej organizacji. W polskich realiach warto uwzgl\u0119dni\u0107 zar\u00f3wno warto\u015b\u0107 etyczn\u0105 dzia\u0142a\u0144, jak i istniej\u0105ce standardy prawne przeciwdzia\u0142aj\u0105ce dyskryminacji i promuj\u0105ce r\u00f3wne traktowanie pracownik\u00f3w.\u00a0<\/span><\/p>\n<p><span style=\"font-weight: 400;\">W praktyce wdra\u017canie strategii DEI jest znacznie \u0142atwiejsze dzi\u0119ki wykorzystaniu nowoczesnych narz\u0119dzi HR, takich jak system Factorial, kt\u00f3ry umo\u017cliwia monitorowanie danych pracowniczych, wspiera transparentno\u015b\u0107 proces\u00f3w i pomaga budowa\u0107 bardziej sprawiedliwe \u015brodowisko pracy.<\/span><\/p>\n","protected":false},"excerpt":{"rendered":"<p>W ci\u0105gu ostatnich kilku lat poj\u0119cia takie jak r\u00f3\u017cnorodno\u015b\u0107 (Diversity), r\u00f3wno\u015b\u0107 (Equity) i w\u0142\u0105czanie (Inclusion) \u2013 cz\u0119sto \u0142\u0105czone w akronim DEI \u2013 sta\u0142y si\u0119 fundamentem nowoczesnych strategii HR w organizacjach dzia\u0142aj\u0105cych na konkurencyjnych rynkach. Ich rola wykracza daleko poza spo\u0142eczn\u0105 poprawno\u015b\u0107 \u2013 r\u00f3\u017cnorodne i inkluzywne \u015brodowisko pracy przynosi realne korzy\u015bci biznesowe, wp\u0142ywaj\u0105c na innowacyjno\u015b\u0107, zaanga\u017cowanie<a href=\"https:\/\/factorial.pl\/blog\/roznorodnosc-i-inkluzywnosc-w-miejscu-pracy-jak-budowac-kulture-organizacyjna-oparta-na-dei\/\" class=\"read-more\"> [&#8230;]<\/a><\/p>\n","protected":false},"author":340,"featured_media":187745,"comment_status":"closed","ping_status":"closed","sticky":false,"template":"","format":"standard","meta":{"_acf_changed":false,"footnotes":""},"categories":[1035],"tags":[],"class_list":["post-187743","post","type-post","status-publish","format-standard","has-post-thumbnail","hentry","category-swiadome-przywodztwo"],"acf":{"topics":"talent"},"yoast_head":"<!-- This site is optimized with the Yoast SEO Premium plugin v21.5 (Yoast SEO v21.9.1) - https:\/\/yoast.com\/wordpress\/plugins\/seo\/ -->\n<title>R\u00f3\u017cnorodno\u015b\u0107 i inkluzywno\u015b\u0107 w miejscu pracy \u2013 jak budowa\u0107 kultur\u0119 organizacyjn\u0105 opart\u0105 na DEI | Factorial<\/title>\n<meta name=\"robots\" content=\"index, follow, max-snippet:-1, max-image-preview:large, max-video-preview:-1\" \/>\n<link rel=\"canonical\" href=\"https:\/\/factorial.pl\/blog\/roznorodnosc-i-inkluzywnosc-w-miejscu-pracy-jak-budowac-kulture-organizacyjna-oparta-na-dei\/\" \/>\n<meta property=\"og:locale\" content=\"pl_PL\" \/>\n<meta property=\"og:type\" content=\"article\" \/>\n<meta property=\"og:title\" content=\"R\u00f3\u017cnorodno\u015b\u0107 i inkluzywno\u015b\u0107 w miejscu pracy \u2013 jak budowa\u0107 kultur\u0119 organizacyjn\u0105 opart\u0105 na DEI\" \/>\n<meta property=\"og:description\" content=\"W ci\u0105gu ostatnich kilku lat poj\u0119cia takie jak r\u00f3\u017cnorodno\u015b\u0107 (Diversity), r\u00f3wno\u015b\u0107 (Equity) i w\u0142\u0105czanie (Inclusion) \u2013 cz\u0119sto \u0142\u0105czone w akronim DEI \u2013 sta\u0142y si\u0119 fundamentem nowoczesnych strategii HR w organizacjach dzia\u0142aj\u0105cych na konkurencyjnych rynkach. Ich rola wykracza daleko poza spo\u0142eczn\u0105 poprawno\u015b\u0107 \u2013 r\u00f3\u017cnorodne i inkluzywne \u015brodowisko pracy przynosi realne korzy\u015bci biznesowe, wp\u0142ywaj\u0105c na innowacyjno\u015b\u0107, zaanga\u017cowanie [...]\" \/>\n<meta property=\"og:url\" content=\"https:\/\/factorial.pl\/blog\/roznorodnosc-i-inkluzywnosc-w-miejscu-pracy-jak-budowac-kulture-organizacyjna-oparta-na-dei\/\" \/>\n<meta property=\"og:site_name\" content=\"Factorial\" \/>\n<meta property=\"article:publisher\" content=\"https:\/\/www.facebook.com\/people\/Factorial\/100064908455810\/\" \/>\n<meta property=\"article:published_time\" content=\"2026-04-27T12:25:17+00:00\" \/>\n<meta property=\"og:image\" content=\"https:\/\/factorialhr.com\/wp-content\/uploads\/2026\/04\/27142421\/image-835.png\" \/>\n\t<meta property=\"og:image:width\" content=\"1280\" \/>\n\t<meta property=\"og:image:height\" content=\"720\" \/>\n\t<meta property=\"og:image:type\" content=\"image\/png\" \/>\n<meta name=\"author\" content=\"Martyna Niedziela\" \/>\n<meta name=\"twitter:card\" content=\"summary_large_image\" \/>\n<meta name=\"twitter:creator\" content=\"@factorialapp\" \/>\n<meta name=\"twitter:site\" content=\"@factorialapp\" \/>\n<meta name=\"twitter:label1\" content=\"Written by\" \/>\n\t<meta name=\"twitter:data1\" content=\"Martyna Niedziela\" \/>\n\t<meta name=\"twitter:label2\" content=\"Est. reading time\" \/>\n\t<meta name=\"twitter:data2\" content=\"5 minut\" \/>\n<script type=\"application\/ld+json\" class=\"yoast-schema-graph\">{\"@context\":\"https:\/\/schema.org\",\"@graph\":[{\"@type\":\"Article\",\"@id\":\"https:\/\/factorial.pl\/blog\/roznorodnosc-i-inkluzywnosc-w-miejscu-pracy-jak-budowac-kulture-organizacyjna-oparta-na-dei\/#article\",\"isPartOf\":{\"@id\":\"https:\/\/factorial.pl\/blog\/roznorodnosc-i-inkluzywnosc-w-miejscu-pracy-jak-budowac-kulture-organizacyjna-oparta-na-dei\/\"},\"author\":{\"name\":\"Martyna Niedziela\",\"@id\":\"https:\/\/factorial.pl\/blog\/#\/schema\/person\/d623ff3d725fc8d186785e8057aa318c\"},\"headline\":\"R\u00f3\u017cnorodno\u015b\u0107 i inkluzywno\u015b\u0107 w miejscu pracy \u2013 jak budowa\u0107 kultur\u0119 organizacyjn\u0105 opart\u0105 na DEI\",\"datePublished\":\"2026-04-27T12:25:17+00:00\",\"dateModified\":\"2026-04-27T12:25:17+00:00\",\"mainEntityOfPage\":{\"@id\":\"https:\/\/factorial.pl\/blog\/roznorodnosc-i-inkluzywnosc-w-miejscu-pracy-jak-budowac-kulture-organizacyjna-oparta-na-dei\/\"},\"wordCount\":1228,\"publisher\":{\"@id\":\"https:\/\/factorial.pl\/blog\/#organization\"},\"articleSection\":[\"\u015awiadome przyw\u00f3dztwo\"],\"inLanguage\":\"pl-PL\"},{\"@type\":\"WebPage\",\"@id\":\"https:\/\/factorial.pl\/blog\/roznorodnosc-i-inkluzywnosc-w-miejscu-pracy-jak-budowac-kulture-organizacyjna-oparta-na-dei\/\",\"url\":\"https:\/\/factorial.pl\/blog\/roznorodnosc-i-inkluzywnosc-w-miejscu-pracy-jak-budowac-kulture-organizacyjna-oparta-na-dei\/\",\"name\":\"R\u00f3\u017cnorodno\u015b\u0107 i inkluzywno\u015b\u0107 w miejscu pracy \u2013 jak budowa\u0107 kultur\u0119 organizacyjn\u0105 opart\u0105 na DEI | Factorial\",\"isPartOf\":{\"@id\":\"https:\/\/factorial.pl\/blog\/#website\"},\"datePublished\":\"2026-04-27T12:25:17+00:00\",\"dateModified\":\"2026-04-27T12:25:17+00:00\",\"inLanguage\":\"pl-PL\",\"potentialAction\":[{\"@type\":\"ReadAction\",\"target\":[\"https:\/\/factorial.pl\/blog\/roznorodnosc-i-inkluzywnosc-w-miejscu-pracy-jak-budowac-kulture-organizacyjna-oparta-na-dei\/\"]}]},{\"@type\":\"WebSite\",\"@id\":\"https:\/\/factorial.pl\/blog\/#website\",\"url\":\"https:\/\/factorial.pl\/blog\/\",\"name\":\"Factorial\",\"description\":\"\",\"publisher\":{\"@id\":\"https:\/\/factorial.pl\/blog\/#organization\"},\"potentialAction\":[{\"@type\":\"SearchAction\",\"target\":{\"@type\":\"EntryPoint\",\"urlTemplate\":\"https:\/\/factorial.pl\/blog\/?s={search_term_string}\"},\"query-input\":\"required name=search_term_string\"}],\"inLanguage\":\"pl-PL\"},{\"@type\":\"Organization\",\"@id\":\"https:\/\/factorial.pl\/blog\/#organization\",\"name\":\"All-in-one business management software - Factorial\",\"url\":\"https:\/\/factorial.pl\/blog\/\",\"logo\":{\"@type\":\"ImageObject\",\"inLanguage\":\"pl-PL\",\"@id\":\"https:\/\/factorial.pl\/blog\/#\/schema\/logo\/image\/\",\"url\":\"https:\/\/factorial.pl\/wp-content\/uploads\/2023\/07\/18155144\/factorial-logo.png\",\"contentUrl\":\"https:\/\/factorial.pl\/wp-content\/uploads\/2023\/07\/18155144\/factorial-logo.png\",\"width\":946,\"height\":880,\"caption\":\"All-in-one business management software - Factorial\"},\"image\":{\"@id\":\"https:\/\/factorial.pl\/blog\/#\/schema\/logo\/image\/\"},\"sameAs\":[\"https:\/\/www.facebook.com\/people\/Factorial\/100064908455810\/\",\"https:\/\/twitter.com\/factorialapp\",\"https:\/\/www.linkedin.com\/company\/factorialhr\",\"https:\/\/www.youtube.com\/@factorialmedia\",\"https:\/\/www.instagram.com\/factorial\/#\"]},{\"@type\":\"Person\",\"@id\":\"https:\/\/factorial.pl\/blog\/#\/schema\/person\/d623ff3d725fc8d186785e8057aa318c\",\"name\":\"Martyna Niedziela\",\"image\":{\"@type\":\"ImageObject\",\"inLanguage\":\"pl-PL\",\"@id\":\"https:\/\/factorial.pl\/blog\/#\/schema\/person\/image\/\",\"url\":\"https:\/\/secure.gravatar.com\/avatar\/6d1732d8229d22d30b79db59adca229e?s=96&d=identicon&r=g\",\"contentUrl\":\"https:\/\/secure.gravatar.com\/avatar\/6d1732d8229d22d30b79db59adca229e?s=96&d=identicon&r=g\",\"caption\":\"Martyna Niedziela\"},\"description\":\"Podoba\u0142 Ci si\u0119 ten wpis? Martyna \u0142\u0105czy w swojej pracy marketing z HR, skupiaj\u0105c si\u0119 przede wszystkim na employer brandingu. Dzi\u0119ki studiom na Uniwersytecie Warszawskim i wymianie mi\u0119dzynarodowej na Trinity College w Dublinie patrzy na tematy HR z globalnej perspektywy. Obecnie zdobywa do\u015bwiadczenie w Rocket Science PR i interesuje j\u0105, jak firmy mog\u0105 tworzy\u0107 autentyczne i inspiruj\u0105ce kultury organizacyjne. Po pracy najch\u0119tniej uprawia sporty, uczy si\u0119 j\u0119zyk\u00f3w obcych lub gotuje zdrowe posi\u0142ki. Wi\u0119cej jej wpis\u00f3w znajdziesz na blogu Factorial.\",\"url\":\"https:\/\/factorial.pl\/blog\/author\/martyna-niedziela\/\"}]}<\/script>\n<!-- \/ Yoast SEO Premium plugin. -->","yoast_head_json":{"title":"R\u00f3\u017cnorodno\u015b\u0107 i inkluzywno\u015b\u0107 w miejscu pracy \u2013 jak budowa\u0107 kultur\u0119 organizacyjn\u0105 opart\u0105 na DEI | Factorial","robots":{"index":"index","follow":"follow","max-snippet":"max-snippet:-1","max-image-preview":"max-image-preview:large","max-video-preview":"max-video-preview:-1"},"canonical":"https:\/\/factorial.pl\/blog\/roznorodnosc-i-inkluzywnosc-w-miejscu-pracy-jak-budowac-kulture-organizacyjna-oparta-na-dei\/","og_locale":"pl_PL","og_type":"article","og_title":"R\u00f3\u017cnorodno\u015b\u0107 i inkluzywno\u015b\u0107 w miejscu pracy \u2013 jak budowa\u0107 kultur\u0119 organizacyjn\u0105 opart\u0105 na DEI","og_description":"W ci\u0105gu ostatnich kilku lat poj\u0119cia takie jak r\u00f3\u017cnorodno\u015b\u0107 (Diversity), r\u00f3wno\u015b\u0107 (Equity) i w\u0142\u0105czanie (Inclusion) \u2013 cz\u0119sto \u0142\u0105czone w akronim DEI \u2013 sta\u0142y si\u0119 fundamentem nowoczesnych strategii HR w organizacjach dzia\u0142aj\u0105cych na konkurencyjnych rynkach. Ich rola wykracza daleko poza spo\u0142eczn\u0105 poprawno\u015b\u0107 \u2013 r\u00f3\u017cnorodne i inkluzywne \u015brodowisko pracy przynosi realne korzy\u015bci biznesowe, wp\u0142ywaj\u0105c na innowacyjno\u015b\u0107, zaanga\u017cowanie [...]","og_url":"https:\/\/factorial.pl\/blog\/roznorodnosc-i-inkluzywnosc-w-miejscu-pracy-jak-budowac-kulture-organizacyjna-oparta-na-dei\/","og_site_name":"Factorial","article_publisher":"https:\/\/www.facebook.com\/people\/Factorial\/100064908455810\/","article_published_time":"2026-04-27T12:25:17+00:00","og_image":[{"width":1280,"height":720,"url":"https:\/\/factorialhr.com\/wp-content\/uploads\/2026\/04\/27142421\/image-835.png","type":"image\/png"}],"author":"Martyna Niedziela","twitter_card":"summary_large_image","twitter_creator":"@factorialapp","twitter_site":"@factorialapp","twitter_misc":{"Written by":"Martyna Niedziela","Est. reading time":"5 minut"},"schema":{"@context":"https:\/\/schema.org","@graph":[{"@type":"Article","@id":"https:\/\/factorial.pl\/blog\/roznorodnosc-i-inkluzywnosc-w-miejscu-pracy-jak-budowac-kulture-organizacyjna-oparta-na-dei\/#article","isPartOf":{"@id":"https:\/\/factorial.pl\/blog\/roznorodnosc-i-inkluzywnosc-w-miejscu-pracy-jak-budowac-kulture-organizacyjna-oparta-na-dei\/"},"author":{"name":"Martyna Niedziela","@id":"https:\/\/factorial.pl\/blog\/#\/schema\/person\/d623ff3d725fc8d186785e8057aa318c"},"headline":"R\u00f3\u017cnorodno\u015b\u0107 i inkluzywno\u015b\u0107 w miejscu pracy \u2013 jak budowa\u0107 kultur\u0119 organizacyjn\u0105 opart\u0105 na DEI","datePublished":"2026-04-27T12:25:17+00:00","dateModified":"2026-04-27T12:25:17+00:00","mainEntityOfPage":{"@id":"https:\/\/factorial.pl\/blog\/roznorodnosc-i-inkluzywnosc-w-miejscu-pracy-jak-budowac-kulture-organizacyjna-oparta-na-dei\/"},"wordCount":1228,"publisher":{"@id":"https:\/\/factorial.pl\/blog\/#organization"},"articleSection":["\u015awiadome przyw\u00f3dztwo"],"inLanguage":"pl-PL"},{"@type":"WebPage","@id":"https:\/\/factorial.pl\/blog\/roznorodnosc-i-inkluzywnosc-w-miejscu-pracy-jak-budowac-kulture-organizacyjna-oparta-na-dei\/","url":"https:\/\/factorial.pl\/blog\/roznorodnosc-i-inkluzywnosc-w-miejscu-pracy-jak-budowac-kulture-organizacyjna-oparta-na-dei\/","name":"R\u00f3\u017cnorodno\u015b\u0107 i inkluzywno\u015b\u0107 w miejscu pracy \u2013 jak budowa\u0107 kultur\u0119 organizacyjn\u0105 opart\u0105 na DEI | Factorial","isPartOf":{"@id":"https:\/\/factorial.pl\/blog\/#website"},"datePublished":"2026-04-27T12:25:17+00:00","dateModified":"2026-04-27T12:25:17+00:00","inLanguage":"pl-PL","potentialAction":[{"@type":"ReadAction","target":["https:\/\/factorial.pl\/blog\/roznorodnosc-i-inkluzywnosc-w-miejscu-pracy-jak-budowac-kulture-organizacyjna-oparta-na-dei\/"]}]},{"@type":"WebSite","@id":"https:\/\/factorial.pl\/blog\/#website","url":"https:\/\/factorial.pl\/blog\/","name":"Factorial","description":"","publisher":{"@id":"https:\/\/factorial.pl\/blog\/#organization"},"potentialAction":[{"@type":"SearchAction","target":{"@type":"EntryPoint","urlTemplate":"https:\/\/factorial.pl\/blog\/?s={search_term_string}"},"query-input":"required name=search_term_string"}],"inLanguage":"pl-PL"},{"@type":"Organization","@id":"https:\/\/factorial.pl\/blog\/#organization","name":"All-in-one business management software - Factorial","url":"https:\/\/factorial.pl\/blog\/","logo":{"@type":"ImageObject","inLanguage":"pl-PL","@id":"https:\/\/factorial.pl\/blog\/#\/schema\/logo\/image\/","url":"https:\/\/factorial.pl\/wp-content\/uploads\/2023\/07\/18155144\/factorial-logo.png","contentUrl":"https:\/\/factorial.pl\/wp-content\/uploads\/2023\/07\/18155144\/factorial-logo.png","width":946,"height":880,"caption":"All-in-one business management software - Factorial"},"image":{"@id":"https:\/\/factorial.pl\/blog\/#\/schema\/logo\/image\/"},"sameAs":["https:\/\/www.facebook.com\/people\/Factorial\/100064908455810\/","https:\/\/twitter.com\/factorialapp","https:\/\/www.linkedin.com\/company\/factorialhr","https:\/\/www.youtube.com\/@factorialmedia","https:\/\/www.instagram.com\/factorial\/#"]},{"@type":"Person","@id":"https:\/\/factorial.pl\/blog\/#\/schema\/person\/d623ff3d725fc8d186785e8057aa318c","name":"Martyna Niedziela","image":{"@type":"ImageObject","inLanguage":"pl-PL","@id":"https:\/\/factorial.pl\/blog\/#\/schema\/person\/image\/","url":"https:\/\/secure.gravatar.com\/avatar\/6d1732d8229d22d30b79db59adca229e?s=96&d=identicon&r=g","contentUrl":"https:\/\/secure.gravatar.com\/avatar\/6d1732d8229d22d30b79db59adca229e?s=96&d=identicon&r=g","caption":"Martyna Niedziela"},"description":"Podoba\u0142 Ci si\u0119 ten wpis? Martyna \u0142\u0105czy w swojej pracy marketing z HR, skupiaj\u0105c si\u0119 przede wszystkim na employer brandingu. Dzi\u0119ki studiom na Uniwersytecie Warszawskim i wymianie mi\u0119dzynarodowej na Trinity College w Dublinie patrzy na tematy HR z globalnej perspektywy. Obecnie zdobywa do\u015bwiadczenie w Rocket Science PR i interesuje j\u0105, jak firmy mog\u0105 tworzy\u0107 autentyczne i inspiruj\u0105ce kultury organizacyjne. Po pracy najch\u0119tniej uprawia sporty, uczy si\u0119 j\u0119zyk\u00f3w obcych lub gotuje zdrowe posi\u0142ki. Wi\u0119cej jej wpis\u00f3w znajdziesz na blogu Factorial.","url":"https:\/\/factorial.pl\/blog\/author\/martyna-niedziela\/"}]}},"_links":{"self":[{"href":"https:\/\/factorial.pl\/blog\/wp-json\/wp\/v2\/posts\/187743"}],"collection":[{"href":"https:\/\/factorial.pl\/blog\/wp-json\/wp\/v2\/posts"}],"about":[{"href":"https:\/\/factorial.pl\/blog\/wp-json\/wp\/v2\/types\/post"}],"author":[{"embeddable":true,"href":"https:\/\/factorial.pl\/blog\/wp-json\/wp\/v2\/users\/340"}],"replies":[{"embeddable":true,"href":"https:\/\/factorial.pl\/blog\/wp-json\/wp\/v2\/comments?post=187743"}],"version-history":[{"count":1,"href":"https:\/\/factorial.pl\/blog\/wp-json\/wp\/v2\/posts\/187743\/revisions"}],"predecessor-version":[{"id":187746,"href":"https:\/\/factorial.pl\/blog\/wp-json\/wp\/v2\/posts\/187743\/revisions\/187746"}],"wp:featuredmedia":[{"embeddable":true,"href":"https:\/\/factorial.pl\/blog\/wp-json\/wp\/v2\/media\/187745"}],"wp:attachment":[{"href":"https:\/\/factorial.pl\/blog\/wp-json\/wp\/v2\/media?parent=187743"}],"wp:term":[{"taxonomy":"category","embeddable":true,"href":"https:\/\/factorial.pl\/blog\/wp-json\/wp\/v2\/categories?post=187743"},{"taxonomy":"post_tag","embeddable":true,"href":"https:\/\/factorial.pl\/blog\/wp-json\/wp\/v2\/tags?post=187743"}],"curies":[{"name":"wp","href":"https:\/\/api.w.org\/{rel}","templated":true}]}}